{"id":3577,"date":"2022-12-31T18:35:59","date_gmt":"2022-12-31T17:35:59","guid":{"rendered":"http:\/\/www.rc-bergfinder.at\/wp\/?p=3577"},"modified":"2022-12-31T18:36:03","modified_gmt":"2022-12-31T17:36:03","slug":"prosit-2023","status":"publish","type":"post","link":"https:\/\/www.rc-bergfinder.at\/wp\/?p=3577","title":{"rendered":"Prosit 2023"},"content":{"rendered":"\n<p><strong>&#8230;.ein ereignisreiches Jahr des RC-Bergfinder&nbsp;geht zu Ende.&nbsp;Neben den vielen Mittwochs-Ausfahrten fanden auch&nbsp;einige <strong>Halbtagesausfahrten\/Tagesausfahrt<\/strong>en statt. Nicht zu vergessen unsere Fr\u00fchjahrs-Trainingswoche auf Mallorca<\/strong>. <strong>Traditionsgem\u00e4\u00df gab es heute die letzte Ausfahrt im Jahre 2022 mit gem\u00fctlichem Ausklang beim H\u00fctt.<\/strong><\/p>\n\n\n\n<p><em>Teilnehmer der Silversterausfahrt 2022<\/em> (Foto aufgenommen kurz vor Wolfsegg) &#8230;&#8230;..<\/p>\n\n\n\n<figure class=\"wp-block-image size-full\"><a href=\"http:\/\/www.rc-bergfinder.at\/wp\/wp-content\/uploads\/2022\/12\/e16dda8c-439f-4200-b2c6-060bb1d71b8a.jpg\"><img loading=\"lazy\" decoding=\"async\" width=\"1024\" height=\"768\" src=\"http:\/\/www.rc-bergfinder.at\/wp\/wp-content\/uploads\/2022\/12\/e16dda8c-439f-4200-b2c6-060bb1d71b8a.jpg\" alt=\"\" class=\"wp-image-3580\" srcset=\"https:\/\/www.rc-bergfinder.at\/wp\/wp-content\/uploads\/2022\/12\/e16dda8c-439f-4200-b2c6-060bb1d71b8a.jpg 1024w, https:\/\/www.rc-bergfinder.at\/wp\/wp-content\/uploads\/2022\/12\/e16dda8c-439f-4200-b2c6-060bb1d71b8a-300x225.jpg 300w, https:\/\/www.rc-bergfinder.at\/wp\/wp-content\/uploads\/2022\/12\/e16dda8c-439f-4200-b2c6-060bb1d71b8a-768x576.jpg 768w\" sizes=\"auto, (max-width: 1024px) 100vw, 1024px\" \/><\/a><\/figure>\n\n\n\n<div class=\"wp-block-cover is-light\"><span aria-hidden=\"true\" class=\"wp-block-cover__background has-background-dim\"><\/span><img loading=\"lazy\" decoding=\"async\" width=\"1877\" height=\"1408\" class=\"wp-block-cover__image-background wp-image-3582\" alt=\"\" src=\"http:\/\/www.rc-bergfinder.at\/wp\/wp-content\/uploads\/2022\/12\/Silvester-2.jpg\" data-object-fit=\"cover\" srcset=\"https:\/\/www.rc-bergfinder.at\/wp\/wp-content\/uploads\/2022\/12\/Silvester-2.jpg 1877w, https:\/\/www.rc-bergfinder.at\/wp\/wp-content\/uploads\/2022\/12\/Silvester-2-300x225.jpg 300w, https:\/\/www.rc-bergfinder.at\/wp\/wp-content\/uploads\/2022\/12\/Silvester-2-1024x768.jpg 1024w, https:\/\/www.rc-bergfinder.at\/wp\/wp-content\/uploads\/2022\/12\/Silvester-2-768x576.jpg 768w, https:\/\/www.rc-bergfinder.at\/wp\/wp-content\/uploads\/2022\/12\/Silvester-2-1536x1152.jpg 1536w\" sizes=\"auto, (max-width: 1877px) 100vw, 1877px\" \/><div class=\"wp-block-cover__inner-container is-layout-flow wp-block-cover-is-layout-flow\">\n<p class=\"has-text-align-center has-large-font-size\"><\/p>\n<\/div><\/div>\n\n\n\n<p>&#8230;&#8230;..und nach der R\u00fcckkehr beim H\u00fctt<\/p>\n\n\n\n<p><strong>Neben tollen Einzelplatzierungen von RCB &#8211; Fahrern bei&nbsp;den verschiedensten Veranstaltungen,&nbsp; ragte aber nat\u00fcrlich die gro\u00dfartige Leistung des RAA-Teams 2022 besonders hervor.&nbsp;<\/strong><\/p>\n\n\n\n<p><strong>Nicht unerw\u00e4hnt soll bleiben, wozu letztlich alle  Bergfinder beigetragen haben<\/strong><strong>:&nbsp;die Kameradschaft der&nbsp; Bergfinder untereinander. Geselligkeit inklusive! Tolle Truppe&#8230;&#8230;&#8230;<\/strong><\/p>\n\n\n\n<p><strong>Ich w\u00fcnsche allen Bergfindern samt Familie alles Gute, insbesondere Gesundheit f\u00fcr das anstehende neue Jahr.&nbsp; M\u00f6gen wieder viele sch\u00f6ne und hoffentlich unfallfreie Kilometer auf uns warten!<\/strong><\/p>\n\n\n\n<!--more-->\n\n\n\n<p><\/p>\n\n\n\n<p>Sepp <em>(jogad)<\/em><\/p>\n<div class='watch-action'><div class='watch-position align-left'><div class='action-like'><a class='lbg-style1 like-3577 jlk' href='javascript:void(0)' data-task='like' data-post_id='3577' data-nonce='04e14182ea' rel='nofollow'><img class='wti-pixel' src='https:\/\/www.rc-bergfinder.at\/wp\/wp-content\/plugins\/wti-like-post\/images\/pixel.gif' title='Gef\u00e4llt mir' \/><span class='lc-3577 lc'>+6<\/span><\/a><\/div><\/div> <div class='status-3577 status align-left'><\/div><\/div><div class='wti-clear'><\/div>","protected":false},"excerpt":{"rendered":"<p>&#8230;.ein ereignisreiches Jahr des RC-Bergfinder&nbsp;geht zu Ende.&nbsp;Neben den vielen Mittwochs-Ausfahrten fanden auch&nbsp;einige Halbtagesausfahrten\/Tagesausfahrten statt. Nicht zu vergessen unsere Fr\u00fchjahrs-Trainingswoche auf Mallorca. Traditionsgem\u00e4\u00df gab es heute die letzte Ausfahrt im Jahre&#8230;<\/p>\n","protected":false},"author":2,"featured_media":0,"comment_status":"open","ping_status":"closed","sticky":false,"template":"","format":"standard","meta":{"_s2mail":"yes","ngg_post_thumbnail":0,"footnotes":""},"categories":[1],"tags":[],"class_list":["post-3577","post","type-post","status-publish","format-standard","hentry","category-allgemein"],"_links":{"self":[{"href":"https:\/\/www.rc-bergfinder.at\/wp\/index.php?rest_route=\/wp\/v2\/posts\/3577","targetHints":{"allow":["GET"]}}],"collection":[{"href":"https:\/\/www.rc-bergfinder.at\/wp\/index.php?rest_route=\/wp\/v2\/posts"}],"about":[{"href":"https:\/\/www.rc-bergfinder.at\/wp\/index.php?rest_route=\/wp\/v2\/types\/post"}],"author":[{"embeddable":true,"href":"https:\/\/www.rc-bergfinder.at\/wp\/index.php?rest_route=\/wp\/v2\/users\/2"}],"replies":[{"embeddable":true,"href":"https:\/\/www.rc-bergfinder.at\/wp\/index.php?rest_route=%2Fwp%2Fv2%2Fcomments&post=3577"}],"version-history":[{"count":3,"href":"https:\/\/www.rc-bergfinder.at\/wp\/index.php?rest_route=\/wp\/v2\/posts\/3577\/revisions"}],"predecessor-version":[{"id":3584,"href":"https:\/\/www.rc-bergfinder.at\/wp\/index.php?rest_route=\/wp\/v2\/posts\/3577\/revisions\/3584"}],"wp:attachment":[{"href":"https:\/\/www.rc-bergfinder.at\/wp\/index.php?rest_route=%2Fwp%2Fv2%2Fmedia&parent=3577"}],"wp:term":[{"taxonomy":"category","embeddable":true,"href":"https:\/\/www.rc-bergfinder.at\/wp\/index.php?rest_route=%2Fwp%2Fv2%2Fcategories&post=3577"},{"taxonomy":"post_tag","embeddable":true,"href":"https:\/\/www.rc-bergfinder.at\/wp\/index.php?rest_route=%2Fwp%2Fv2%2Ftags&post=3577"}],"curies":[{"name":"wp","href":"https:\/\/api.w.org\/{rel}","templated":true}]}}