{"id":3083,"date":"2019-09-17T20:34:46","date_gmt":"2019-09-17T18:34:46","guid":{"rendered":"http:\/\/www.rc-bergfinder.at\/wp\/?p=3083"},"modified":"2019-09-17T20:34:46","modified_gmt":"2019-09-17T18:34:46","slug":"was-waere-hitzendorf-ohne-die-bergfinder","status":"publish","type":"post","link":"https:\/\/www.rc-bergfinder.at\/wp\/?p=3083","title":{"rendered":"Was w\u00e4re Hitzendorf ohne die Bergfinder&#8230;.   ;-)"},"content":{"rendered":"<p><strong>Grieskirchen, Kaindorf und Hitzendof. In den dortigen 24-Stunden-Rennen wird der \u00d624-Cup ausgetragen.\u00a0 Wie ja sicher noch bekannt ist, gab es im Vorjahr mit Leo Berger einen &#8220;Bergfinder&#8221;-Sieger in der Masters-Wertung.<\/strong><\/p>\n<p><strong>Vergangenes Wochenende fand mit dem Rennen in Hitzendorf der diesj\u00e4hrige Abschluss\u00a0\u00a0der Cupwertung statt.\u00a0 Seitens des RC-Bergfinder gab es heuer ein gro\u00dfes Teilnehmerfeld und tolle Leistungen! <\/strong><\/p>\n<p><!--more--><\/p>\n<p><strong>Die Starter:<\/strong><\/p>\n<p>24h Solo und \u00d624-Cup:\u00a0\u00a0 Adi Tischler<br \/>\n24h 2er-Team \u201e2 Bergfinder\u201c:\u00a0 \u00a0Mario Thallinger , Leo Berger<br \/>\n24h 4er-Team \u201eRC-Bergfinder &amp; Friends\u201c:\u00a0 \u00a0Steininger Thomas, Lorenz Harald, Josef Zeiger, Nimmerfall Hari<\/p>\n<p><a href=\"http:\/\/www.rc-bergfinder.at\/wp\/?attachment_id=3079\" rel=\"attachment wp-att-3079\"><img loading=\"lazy\" decoding=\"async\" class=\"alignnone size-large wp-image-3079\" src=\"http:\/\/www.rc-bergfinder.at\/wp\/wp-content\/uploads\/2019\/09\/Hitzendorf-alle-Starter-1024x768.jpg\" alt=\"\" width=\"740\" height=\"555\" srcset=\"https:\/\/www.rc-bergfinder.at\/wp\/wp-content\/uploads\/2019\/09\/Hitzendorf-alle-Starter-1024x768.jpg 1024w, https:\/\/www.rc-bergfinder.at\/wp\/wp-content\/uploads\/2019\/09\/Hitzendorf-alle-Starter-300x225.jpg 300w, https:\/\/www.rc-bergfinder.at\/wp\/wp-content\/uploads\/2019\/09\/Hitzendorf-alle-Starter-768x576.jpg 768w\" sizes=\"auto, (max-width: 740px) 100vw, 740px\" \/><\/a><br \/>\n<span style=\"color: #808080;\"><em>von links: Josef, Mario, Adi, Thomas, Leo, Harald und Hari<\/em><\/span><\/p>\n<p><strong>Das Betreuerteam:<\/strong><br \/>\nAndrea, Magdalena, Simon, Isabella, Elke\u00a0und Paul<\/p>\n<p><strong>Zusammengefasst ein\u00a0kurzer R\u00fcckblick von Leo zum Rennen:<\/strong><br \/>\n<em>Am vergangenen Freitag (13.09.19) erfolgte nachmittags unsere Anreise der nach Hitzendorf (ca 20 km westlich von Graz) mit dem Bergfinderbus und 3 weiteren Fahrzeugen.\u00a0\u00a0Mit dem\u00a0Startschuss am Samstag um 10.30 Uhr hie\u00df es f\u00fcr die Teilnehmer am 24h-Rennen: &#8220;Kette rechts&#8221;.<\/em><\/p>\n<p><em>Es herrschte von Anfang an wieder\u00a0eine tolle Stimmung sowohl bei den Teilnehmern und Betreuern, als auch sichtlich bei den Fans.\u00a0Vorweg gleich\u00a0ein gro\u00dfes Lob den\u00a0Renn-Verantwortlichen f\u00fcr die super organisierte Veranstaltung.<\/em><\/p>\n<p><em>Die Streckenf\u00fchrung der ca.\u00a0 3,85 km lange\u00a0Rundstrecke namens\u00a0 &#8220;Rund um die Kirschenhalle&#8221; ist recht interessant und mit etwa 30 H\u00f6henmetern pro Runde &#8220;gespickt&#8221;.\u00a0 Sie f\u00fchrt aufgrund\u00a0der geringen Streckenl\u00e4nge oft\u00a0durch das Fahrerlager und es entsteht gerade dadurch\u00a0eine richtig &#8220;knisternde&#8221; Stimmung sowohl bei den Zuschauern als auch bei den Fahrern. Betreuer und Fans\u00a0\u00a0sind dort wirklich &#8220;hautnah am Geschehen&#8221;.<\/em><\/p>\n<p><em><strong>Kurz gesagt:<\/strong> Tolle Veranstaltung, tolle Stimmung und tolle Platzierungen der Bergfinder !\u00a0 <\/em><em>Das Super Betreuer-Team hat diese Erfolge unterst\u00fctzt und erm\u00f6glicht. Danke!<\/em><br \/>\n<em>PS: Das tolle Event w\u00fcrde sicher\u00a0viele Bergfinder begeistern.<\/em><\/p>\n<p style=\"text-align: left;\"><strong>Die Ergebnisse:<\/strong><\/p>\n<p><strong>Mario und Leo<\/strong>: <span style=\"color: #ff6600;\">Sieger der 2er-Team-Wertung <\/span>(201 Runden, 773 km, 8 Runden Vorsprung auf die Zweitplatzierten !)<br \/>\n<a href=\"http:\/\/www.rc-bergfinder.at\/wp\/?attachment_id=3078\" rel=\"attachment wp-att-3078\"><img loading=\"lazy\" decoding=\"async\" class=\"alignnone wp-image-3078\" src=\"http:\/\/www.rc-bergfinder.at\/wp\/wp-content\/uploads\/2019\/09\/Hitzendorf-Leo-und-Mario-mit-Rad-e1568732997585-768x1024.jpg\" alt=\"\" width=\"343\" height=\"463\" \/><\/a>\u00a0\u00a0\u00a0\u00a0 <a href=\"http:\/\/www.rc-bergfinder.at\/wp\/?attachment_id=3077\" rel=\"attachment wp-att-3077\"><img loading=\"lazy\" decoding=\"async\" class=\"alignnone wp-image-3077\" src=\"http:\/\/www.rc-bergfinder.at\/wp\/wp-content\/uploads\/2019\/09\/Hitzendorf-Leo-und-Mario-Siegerehrung-e1568733094540-768x1024.jpg\" alt=\"\" width=\"345\" height=\"416\" \/><\/a><\/p>\n<p>&nbsp;<\/p>\n<p><span style=\"color: #ff6600;\"><span style=\"color: #000000;\"><strong>A<span style=\"color: #ff6600;\"><span style=\"color: #000000;\"><strong>di<\/strong>:<\/span><strong>\u00a0 <\/strong><\/span><\/strong><span style=\"color: #ff6600;\">6. Platz in der Masters-Wertung 24h-Solo<\/span><span style=\"color: #ff6600;\">\u00a0<\/span> (158 Runden, 608 km). Damit hat sich Adi noch den <span style=\"color: #ff6600;\">dritten Platz in der \u00d624-Cupwertung <\/span>sichern k\u00f6nnen. Wenn es da in Grieskirchen keine gesundheitlichen Probleme gegeben h\u00e4tte. Adi, da w\u00e4re u.U. noch Rang 2 im Cup\u00a0m\u00f6glich gewesen?<strong><br \/>\n<a href=\"http:\/\/www.rc-bergfinder.at\/wp\/?attachment_id=3105\" rel=\"attachment wp-att-3105\"><img loading=\"lazy\" decoding=\"async\" class=\"alignnone size-full wp-image-3105\" src=\"http:\/\/www.rc-bergfinder.at\/wp\/wp-content\/uploads\/2019\/09\/Adi-Siegerehrung.jpg\" alt=\"\" width=\"888\" height=\"632\" srcset=\"https:\/\/www.rc-bergfinder.at\/wp\/wp-content\/uploads\/2019\/09\/Adi-Siegerehrung.jpg 888w, https:\/\/www.rc-bergfinder.at\/wp\/wp-content\/uploads\/2019\/09\/Adi-Siegerehrung-300x214.jpg 300w, https:\/\/www.rc-bergfinder.at\/wp\/wp-content\/uploads\/2019\/09\/Adi-Siegerehrung-768x547.jpg 768w\" sizes=\"auto, (max-width: 888px) 100vw, 888px\" \/><\/a><\/strong><\/span><\/span><\/p>\n<p>&nbsp;<\/p>\n<p><strong>Thomas, Harald, Josef und Hari<\/strong>: RC-Bergfinder &amp; Friends: 24h 4er Team:\u00a0<span style=\"color: #ff6600;\">Rang 3<\/span> \u00a0(186 Runden und 716 km); 1. Start und gleich auf&#8217;s Podest !<br \/>\n<a href=\"http:\/\/www.rc-bergfinder.at\/wp\/?attachment_id=3093\" rel=\"attachment wp-att-3093\"><img loading=\"lazy\" decoding=\"async\" class=\"alignnone size-full wp-image-3093\" src=\"http:\/\/www.rc-bergfinder.at\/wp\/wp-content\/uploads\/2019\/09\/Hitzendorf-4er.jpg\" alt=\"\" width=\"731\" height=\"415\" srcset=\"https:\/\/www.rc-bergfinder.at\/wp\/wp-content\/uploads\/2019\/09\/Hitzendorf-4er.jpg 731w, https:\/\/www.rc-bergfinder.at\/wp\/wp-content\/uploads\/2019\/09\/Hitzendorf-4er-300x170.jpg 300w\" sizes=\"auto, (max-width: 731px) 100vw, 731px\" \/><\/a><\/p>\n<p>&nbsp;<\/p>\n<p><strong>Mit Hitzendorf neigt sich\u00a0f\u00fcr die\u00a0flei\u00dfigen\u00a0&#8220;Starter&#8221;\u00a0des\u00a0RC-Bergfinder eine \u00a0\u00e4u\u00dferst erfolgreiche Saison\u00a0\u00a0dem Ende zu.\u00a0 Namens des RC-Bergfinder m\u00f6chte ich euch\u00a0zu euren tollen Leistungen im Jahr 2019 nochmals herzlich gratulieren und &#8220;DANKE&#8221; sagen!<\/strong><\/p>\n<p>Sepp <em>(jogad)<\/em><\/p>\n<p>&nbsp;<\/p>\n<p>&nbsp;<\/p>\n<div class='watch-action'><div class='watch-position align-left'><div class='action-like'><a class='lbg-style1 like-3083 jlk' href='javascript:void(0)' data-task='like' data-post_id='3083' data-nonce='88c7184e2c' rel='nofollow'><img class='wti-pixel' src='https:\/\/www.rc-bergfinder.at\/wp\/wp-content\/plugins\/wti-like-post\/images\/pixel.gif' title='Gef\u00e4llt mir' \/><span class='lc-3083 lc'>+16<\/span><\/a><\/div><\/div> <div class='status-3083 status align-left'><\/div><\/div><div class='wti-clear'><\/div>","protected":false},"excerpt":{"rendered":"<p>Grieskirchen, Kaindorf und Hitzendof. In den dortigen 24-Stunden-Rennen wird der \u00d624-Cup ausgetragen.\u00a0 Wie ja sicher noch bekannt ist, gab es im Vorjahr mit Leo Berger einen &#8220;Bergfinder&#8221;-Sieger in der Masters-Wertung&#8230;.<\/p>\n","protected":false},"author":2,"featured_media":0,"comment_status":"open","ping_status":"closed","sticky":false,"template":"","format":"standard","meta":{"_s2mail":"yes","ngg_post_thumbnail":0,"footnotes":""},"categories":[1],"tags":[],"class_list":["post-3083","post","type-post","status-publish","format-standard","hentry","category-allgemein"],"_links":{"self":[{"href":"https:\/\/www.rc-bergfinder.at\/wp\/index.php?rest_route=\/wp\/v2\/posts\/3083","targetHints":{"allow":["GET"]}}],"collection":[{"href":"https:\/\/www.rc-bergfinder.at\/wp\/index.php?rest_route=\/wp\/v2\/posts"}],"about":[{"href":"https:\/\/www.rc-bergfinder.at\/wp\/index.php?rest_route=\/wp\/v2\/types\/post"}],"author":[{"embeddable":true,"href":"https:\/\/www.rc-bergfinder.at\/wp\/index.php?rest_route=\/wp\/v2\/users\/2"}],"replies":[{"embeddable":true,"href":"https:\/\/www.rc-bergfinder.at\/wp\/index.php?rest_route=%2Fwp%2Fv2%2Fcomments&post=3083"}],"version-history":[{"count":22,"href":"https:\/\/www.rc-bergfinder.at\/wp\/index.php?rest_route=\/wp\/v2\/posts\/3083\/revisions"}],"predecessor-version":[{"id":3110,"href":"https:\/\/www.rc-bergfinder.at\/wp\/index.php?rest_route=\/wp\/v2\/posts\/3083\/revisions\/3110"}],"wp:attachment":[{"href":"https:\/\/www.rc-bergfinder.at\/wp\/index.php?rest_route=%2Fwp%2Fv2%2Fmedia&parent=3083"}],"wp:term":[{"taxonomy":"category","embeddable":true,"href":"https:\/\/www.rc-bergfinder.at\/wp\/index.php?rest_route=%2Fwp%2Fv2%2Fcategories&post=3083"},{"taxonomy":"post_tag","embeddable":true,"href":"https:\/\/www.rc-bergfinder.at\/wp\/index.php?rest_route=%2Fwp%2Fv2%2Ftags&post=3083"}],"curies":[{"name":"wp","href":"https:\/\/api.w.org\/{rel}","templated":true}]}}