{"id":2910,"date":"2018-06-04T14:28:01","date_gmt":"2018-06-04T12:28:01","guid":{"rendered":"http:\/\/www.rc-bergfinder.at\/wp\/?p=2910"},"modified":"2018-06-04T14:28:01","modified_gmt":"2018-06-04T12:28:01","slug":"super-mario-ist-u30-ultraradmarathon-weltmeister-glocknerman","status":"publish","type":"post","link":"https:\/\/www.rc-bergfinder.at\/wp\/?p=2910","title":{"rendered":"&#8220;Super-Mario&#8221; ist U30-Ultraradmarathon Weltmeister (Glocknerman) !"},"content":{"rendered":"<p><span style=\"color: #ff0000;\"><strong>Glocknerman 2018 (Ultra-Radmarathon WM) vom 30.05. bis 02.06.2018:<\/strong><\/span><\/p>\n<p><span style=\"color: #000000;\">Der &#8220;Glocknerman&#8221; ist eine Extrem-Radveranstaltung f\u00fcr Einzel- und Teamfahrer und einer der \u00e4ltesten Ultraradmarathons der Welt. Start und Ziel befinden sich in der steirischen Landeshauptstadt Graz. Die heurige 21. Auflage\u00a0f\u00fchrte die Teilnehmer auf der Ultra-Strecke \u00fcber 1000 km und 16000 H\u00f6henmeter auf\/\u00fcber \u00a0den Gro\u00dfglockner, ehe es wieder zur\u00fcck ging. <\/span><\/p>\n<p><span style=\"color: #000000;\">Der Glocknerman ist zugleich die Weltmeisterschaft im Ultraradmarathon<\/span><\/p>\n<h2><span style=\"color: #3366ff;\"><strong>&#8220;Bergfinder&#8221; Mario Thallinger wurde Weltmeister in der Klasse U-30!<strong>\u00a0<\/strong><\/strong><\/span><\/h2>\n<p><span style=\"color: #3366ff;\"><strong><strong>(Fahrzeit: 44 Stunden, 25 Minuten;\u00a0 1. Rang U-30, 7. Rang im Gesamtklassement)<\/strong><\/strong><\/span><!--more--><\/p>\n<p><a href=\"http:\/\/www.rc-bergfinder.at\/wp\/?attachment_id=2912\" rel=\"attachment wp-att-2912\"><img loading=\"lazy\" decoding=\"async\" class=\"alignnone size-large wp-image-2912\" src=\"http:\/\/www.rc-bergfinder.at\/wp\/wp-content\/uploads\/2018\/06\/Glocknerman-Mario-mit-Rad-767x1024.jpg\" alt=\"\" width=\"740\" height=\"988\" srcset=\"https:\/\/www.rc-bergfinder.at\/wp\/wp-content\/uploads\/2018\/06\/Glocknerman-Mario-mit-Rad-767x1024.jpg 767w, https:\/\/www.rc-bergfinder.at\/wp\/wp-content\/uploads\/2018\/06\/Glocknerman-Mario-mit-Rad-225x300.jpg 225w, https:\/\/www.rc-bergfinder.at\/wp\/wp-content\/uploads\/2018\/06\/Glocknerman-Mario-mit-Rad-768x1025.jpg 768w, https:\/\/www.rc-bergfinder.at\/wp\/wp-content\/uploads\/2018\/06\/Glocknerman-Mario-mit-Rad.jpg 1031w\" sizes=\"auto, (max-width: 740px) 100vw, 740px\" \/><\/a><\/p>\n<h3><span style=\"color: #3366ff;\"><strong>Mario, deine\u00a0Radfreunde vom RC-Bergfinder\u00a0gratulieren herzlich und sind stolz einen &#8220;Weltmeister&#8221; unter\u00a0sich zu haben.<\/strong> <span style=\"color: #3366ff;\">Unser Dank\u00a0ergeht nat\u00fcrlich\u00a0auch an deine Crew f\u00fcr die hervorragende Betreuung \/ Unterst\u00fctzung.<\/span><\/span><\/h3>\n<p><span style=\"color: #ff0000;\"><strong><span style=\"font-family: Thread-000036e0-Id-0000005a;\"><br \/>\n<a href=\"http:\/\/www.rc-bergfinder.at\/wp\/?attachment_id=2913\" rel=\"attachment wp-att-2913\"><img loading=\"lazy\" decoding=\"async\" class=\"alignnone size-full wp-image-2913\" src=\"http:\/\/www.rc-bergfinder.at\/wp\/wp-content\/uploads\/2018\/06\/Glocknermann-Gruppe.jpg\" alt=\"\" width=\"954\" height=\"715\" srcset=\"https:\/\/www.rc-bergfinder.at\/wp\/wp-content\/uploads\/2018\/06\/Glocknermann-Gruppe.jpg 954w, https:\/\/www.rc-bergfinder.at\/wp\/wp-content\/uploads\/2018\/06\/Glocknermann-Gruppe-300x225.jpg 300w, https:\/\/www.rc-bergfinder.at\/wp\/wp-content\/uploads\/2018\/06\/Glocknermann-Gruppe-768x576.jpg 768w\" sizes=\"auto, (max-width: 954px) 100vw, 954px\" \/><\/a><\/span><\/strong><\/span><\/p>\n<p><em>von links: Thomas S., Pia H., \u00a0Hannes H., &#8220;Weltmeister Mario&#8221; und Roland L.<\/em><\/p>\n<p>Ein ausf\u00fchrlicher Bericht vom Ultra-Marathon\u00a0folgt durch Hannes (nach dem verdienten Urlaub).<\/p>\n<p>Sepp<em> (jogad)<br \/>\n<\/em><\/p>\n<p>&nbsp;<\/p>\n<div class='watch-action'><div class='watch-position align-left'><div class='action-like'><a class='lbg-style1 like-2910 jlk' href='javascript:void(0)' data-task='like' data-post_id='2910' data-nonce='a33c53e09e' rel='nofollow'><img class='wti-pixel' src='https:\/\/www.rc-bergfinder.at\/wp\/wp-content\/plugins\/wti-like-post\/images\/pixel.gif' title='Gef\u00e4llt mir' \/><span class='lc-2910 lc'>+25<\/span><\/a><\/div><\/div> <div class='status-2910 status align-left'><\/div><\/div><div class='wti-clear'><\/div>","protected":false},"excerpt":{"rendered":"<p>Glocknerman 2018 (Ultra-Radmarathon WM) vom 30.05. bis 02.06.2018: Der &#8220;Glocknerman&#8221; ist eine Extrem-Radveranstaltung f\u00fcr Einzel- und Teamfahrer und einer der \u00e4ltesten Ultraradmarathons der Welt. Start und Ziel befinden sich in&#8230;<\/p>\n","protected":false},"author":2,"featured_media":0,"comment_status":"open","ping_status":"closed","sticky":false,"template":"","format":"standard","meta":{"_s2mail":"yes","ngg_post_thumbnail":0,"footnotes":""},"categories":[1,4],"tags":[],"class_list":["post-2910","post","type-post","status-publish","format-standard","hentry","category-allgemein","category-ausfahrten_ber"],"_links":{"self":[{"href":"https:\/\/www.rc-bergfinder.at\/wp\/index.php?rest_route=\/wp\/v2\/posts\/2910","targetHints":{"allow":["GET"]}}],"collection":[{"href":"https:\/\/www.rc-bergfinder.at\/wp\/index.php?rest_route=\/wp\/v2\/posts"}],"about":[{"href":"https:\/\/www.rc-bergfinder.at\/wp\/index.php?rest_route=\/wp\/v2\/types\/post"}],"author":[{"embeddable":true,"href":"https:\/\/www.rc-bergfinder.at\/wp\/index.php?rest_route=\/wp\/v2\/users\/2"}],"replies":[{"embeddable":true,"href":"https:\/\/www.rc-bergfinder.at\/wp\/index.php?rest_route=%2Fwp%2Fv2%2Fcomments&post=2910"}],"version-history":[{"count":11,"href":"https:\/\/www.rc-bergfinder.at\/wp\/index.php?rest_route=\/wp\/v2\/posts\/2910\/revisions"}],"predecessor-version":[{"id":2924,"href":"https:\/\/www.rc-bergfinder.at\/wp\/index.php?rest_route=\/wp\/v2\/posts\/2910\/revisions\/2924"}],"wp:attachment":[{"href":"https:\/\/www.rc-bergfinder.at\/wp\/index.php?rest_route=%2Fwp%2Fv2%2Fmedia&parent=2910"}],"wp:term":[{"taxonomy":"category","embeddable":true,"href":"https:\/\/www.rc-bergfinder.at\/wp\/index.php?rest_route=%2Fwp%2Fv2%2Fcategories&post=2910"},{"taxonomy":"post_tag","embeddable":true,"href":"https:\/\/www.rc-bergfinder.at\/wp\/index.php?rest_route=%2Fwp%2Fv2%2Ftags&post=2910"}],"curies":[{"name":"wp","href":"https:\/\/api.w.org\/{rel}","templated":true}]}}