{"id":2709,"date":"2017-06-12T18:44:38","date_gmt":"2017-06-12T16:44:38","guid":{"rendered":"http:\/\/www.rc-bergfinder.at\/wp\/?p=2709"},"modified":"2017-06-12T18:49:51","modified_gmt":"2017-06-12T16:49:51","slug":"herbstausfahrt-2017-anmeldung","status":"publish","type":"post","link":"https:\/\/www.rc-bergfinder.at\/wp\/?p=2709","title":{"rendered":"Herbstausfahrt 2017 &#8211; Anmeldung"},"content":{"rendered":"<p>Wie ja den meisten\u00a0 Bergfindern schon bekannt ist, f\u00fchrt uns die Herbstausfahrt heuer f\u00fcr 2 Tage\u00a0 in die sch\u00f6ne Dolomitenwelt und\u00a0 am dritten Tag dann von Bozen \u00fcber den Mendelpass\u00a0zum Gardasee.<\/p>\n<p><strong>Termin: 20. &#8211; 24. September 2017\u00a0<\/strong> (der urspr\u00fcnglich vorgesehene Termin hat sich um eine Woche verschoben)<!--more--><\/p>\n<p><span style=\"color: #ff0000;\"><em>Vorl\u00e4ufiges Programm:<\/em><\/span><\/p>\n<p><span style=\"color: #0000ff;\">Mittwoch, 20. September:<\/span>\u00a0 Sextner Dolomitenrunde um die 3 Zinnen &#8211; 105 km, 1800 hm<\/p>\n<p>Von Toblach durch das schmale H\u00f6hlensteintal sanft aufw\u00e4rts nach Schluderbach, dann steiler zum Misurina-See. Links auf die mautpflichtige (wenig Verkehr) \u201eSuperstrada Panoramica\u201c zur CAI-H\u00fctte direkt unter den Drei Zinnen: gro\u00dfartige Aussichten nach S\u00fcd und West! Dann 35 km Abfahrt durchs sch\u00f6ne Val di Ansiei, mit Blick auf die \u201eSextner Sonnenuhr\u201c \u2013 die Zehner- bis Einser-Kofel benannten Gipfel zeigen die Zeit. Vom Passo San Antonio (1489 m, auch P. del Zovo) eine lange Abfahrt ins Bergdorf Padola, dann leicht aufw\u00e4rts zum Wiesensattel des Kreuzbergpasses (1636 m). Von hier aus geht es \u00fcber Innichen zur\u00fcck. <span style=\"color: #999999;\"><em>(Streckenbeschreibung Road Bike).<\/em><\/span><\/p>\n<p>N\u00e4chtigungsort wird noch festgelegt<\/p>\n<p><span style=\"color: #0000ff;\">Donnerstag, 21. September:<\/span> Sella Ronda, 55 km, 1700 hm + Abfahrt nach Bozen ca 55 km + 600 hm<\/p>\n<p>Rund um den Sella-Stock\u00a0mit den bekannten P\u00e4ssen:\u00a0 Campolongo (1875 m), Pordoi (2239 m), Sella\u00a0(2213 m) und das Gr\u00f6dnerjoch (2121 m)\u00a0; keine der Rampen der Sella Ronda geht \u00fcber 8 %.<\/p>\n<p>N\u00e4chtigung im Bereich Bozen.<\/p>\n<p><a href=\"http:\/\/www.rc-bergfinder.at\/wp\/?attachment_id=2710\" rel=\"attachment wp-att-2710\"><img loading=\"lazy\" decoding=\"async\" class=\"alignnone size-large wp-image-2710\" src=\"http:\/\/www.rc-bergfinder.at\/wp\/wp-content\/uploads\/2017\/06\/Groednerjoch-Abfahrt-nach-Corvara-1024x768.jpg\" alt=\"\" width=\"740\" height=\"555\" srcset=\"https:\/\/www.rc-bergfinder.at\/wp\/wp-content\/uploads\/2017\/06\/Groednerjoch-Abfahrt-nach-Corvara-1024x768.jpg 1024w, https:\/\/www.rc-bergfinder.at\/wp\/wp-content\/uploads\/2017\/06\/Groednerjoch-Abfahrt-nach-Corvara-300x225.jpg 300w, https:\/\/www.rc-bergfinder.at\/wp\/wp-content\/uploads\/2017\/06\/Groednerjoch-Abfahrt-nach-Corvara-768x576.jpg 768w, https:\/\/www.rc-bergfinder.at\/wp\/wp-content\/uploads\/2017\/06\/Groednerjoch-Abfahrt-nach-Corvara.jpg 1440w\" sizes=\"auto, (max-width: 740px) 100vw, 740px\" \/><\/a><br \/>\n<em>Gr\u00f6dnerjoch \/ Abfahrt nach Corvara<\/em><\/p>\n<p><span style=\"color: #0000ff;\">Freitag, 22. September:<\/span> Von Bozen zum Gardasee \u00a0(\u00fcber Mendelpass, Taio, Andalo, Riva del Garda), ca 125 km, 2500 hm, 2 N\u00e4chtigungen\u00a0in\u00a0Riva del Garda.<\/p>\n<p><a href=\"http:\/\/www.rc-bergfinder.at\/wp\/?attachment_id=2711\" rel=\"attachment wp-att-2711\"><img loading=\"lazy\" decoding=\"async\" class=\"alignnone size-full wp-image-2711\" src=\"http:\/\/www.rc-bergfinder.at\/wp\/wp-content\/uploads\/2017\/06\/mendelpass-005.jpg\" alt=\"\" width=\"980\" height=\"654\" srcset=\"https:\/\/www.rc-bergfinder.at\/wp\/wp-content\/uploads\/2017\/06\/mendelpass-005.jpg 980w, https:\/\/www.rc-bergfinder.at\/wp\/wp-content\/uploads\/2017\/06\/mendelpass-005-300x200.jpg 300w, https:\/\/www.rc-bergfinder.at\/wp\/wp-content\/uploads\/2017\/06\/mendelpass-005-768x513.jpg 768w\" sizes=\"auto, (max-width: 980px) 100vw, 980px\" \/><\/a><br \/>\n<em>Mendelpass<\/em><\/p>\n<p><span style=\"color: #0000ff;\">Samstag 22. September 2017:<\/span>\u00a0 Relaxen<\/p>\n<p>Die R\u00fcckreise von Riva erfolgt dann am Sonntag Vormittag.\u00a0Geplant ist, dass wir\u00a0die\u00a0Hin- und R\u00fcckreise\u00a0mit 1 oder 2 Kleintransportern durchf\u00fchren.\u00a0\u00a0 Ob die Anreise bereits am Dienstag Abend (Abfahrt ca 17.00 Uhr) oder Mittwoch zeitig fr\u00fch erfolgt, wird noch festgelegt. Bei Anreise am Dienstag wird im Bereich Toblach \/ Innichen gen\u00e4chtigt. <strong>Begrenzte Teilnehmerzahl!<\/strong><\/p>\n<p>Teilnehmer m\u00f6gen sich bitte bis sp\u00e4testens <strong>19. Juni 2017<\/strong> unter Whats App oder Mail (rc-bergfnder@gmx.at) anmelden.<\/p>\n<p><em>Sepp\u00a0(jogad)<\/em><\/p>\n<div class='watch-action'><div class='watch-position align-left'><div class='action-like'><a class='lbg-style1 like-2709 jlk' href='javascript:void(0)' data-task='like' data-post_id='2709' data-nonce='88c7184e2c' rel='nofollow'><img class='wti-pixel' src='https:\/\/www.rc-bergfinder.at\/wp\/wp-content\/plugins\/wti-like-post\/images\/pixel.gif' title='Gef\u00e4llt mir' \/><span class='lc-2709 lc'>+29<\/span><\/a><\/div><\/div> <div class='status-2709 status align-left'><\/div><\/div><div class='wti-clear'><\/div>","protected":false},"excerpt":{"rendered":"<p>Wie ja den meisten\u00a0 Bergfindern schon bekannt ist, f\u00fchrt uns die Herbstausfahrt heuer f\u00fcr 2 Tage\u00a0 in die sch\u00f6ne Dolomitenwelt und\u00a0 am dritten Tag dann von Bozen \u00fcber den Mendelpass\u00a0zum&#8230;<\/p>\n","protected":false},"author":2,"featured_media":0,"comment_status":"open","ping_status":"closed","sticky":false,"template":"","format":"standard","meta":{"_s2mail":"yes","ngg_post_thumbnail":0,"footnotes":""},"categories":[1],"tags":[],"class_list":["post-2709","post","type-post","status-publish","format-standard","hentry","category-allgemein"],"_links":{"self":[{"href":"https:\/\/www.rc-bergfinder.at\/wp\/index.php?rest_route=\/wp\/v2\/posts\/2709","targetHints":{"allow":["GET"]}}],"collection":[{"href":"https:\/\/www.rc-bergfinder.at\/wp\/index.php?rest_route=\/wp\/v2\/posts"}],"about":[{"href":"https:\/\/www.rc-bergfinder.at\/wp\/index.php?rest_route=\/wp\/v2\/types\/post"}],"author":[{"embeddable":true,"href":"https:\/\/www.rc-bergfinder.at\/wp\/index.php?rest_route=\/wp\/v2\/users\/2"}],"replies":[{"embeddable":true,"href":"https:\/\/www.rc-bergfinder.at\/wp\/index.php?rest_route=%2Fwp%2Fv2%2Fcomments&post=2709"}],"version-history":[{"count":17,"href":"https:\/\/www.rc-bergfinder.at\/wp\/index.php?rest_route=\/wp\/v2\/posts\/2709\/revisions"}],"predecessor-version":[{"id":2730,"href":"https:\/\/www.rc-bergfinder.at\/wp\/index.php?rest_route=\/wp\/v2\/posts\/2709\/revisions\/2730"}],"wp:attachment":[{"href":"https:\/\/www.rc-bergfinder.at\/wp\/index.php?rest_route=%2Fwp%2Fv2%2Fmedia&parent=2709"}],"wp:term":[{"taxonomy":"category","embeddable":true,"href":"https:\/\/www.rc-bergfinder.at\/wp\/index.php?rest_route=%2Fwp%2Fv2%2Fcategories&post=2709"},{"taxonomy":"post_tag","embeddable":true,"href":"https:\/\/www.rc-bergfinder.at\/wp\/index.php?rest_route=%2Fwp%2Fv2%2Ftags&post=2709"}],"curies":[{"name":"wp","href":"https:\/\/api.w.org\/{rel}","templated":true}]}}