{"id":2689,"date":"2017-02-26T14:25:05","date_gmt":"2017-02-26T13:25:05","guid":{"rendered":"http:\/\/www.rc-bergfinder.at\/wp\/?p=2689"},"modified":"2017-02-26T14:25:05","modified_gmt":"2017-02-26T13:25:05","slug":"infoabend-und","status":"publish","type":"post","link":"https:\/\/www.rc-bergfinder.at\/wp\/?p=2689","title":{"rendered":"Infoabend und &#8230;&#8230;"},"content":{"rendered":"<p><strong>Am\u00a0Freitag, den 7. April 2017 findet ab 19.00 Uhr unser traditioneller \u201cBergfinder-Infoabend\u201d statt. Es freut uns sehr, dass wir diesen Abend wieder als G\u00e4ste\u00a0bei der Firma ETA (Panoramabar) in Hofkirchen\/Trattnach\u00a0verbringen d\u00fcrfen.<\/strong><\/p>\n<p>Es soll wieder ein geselliger und abwechslungsreicher Abend mit\u00a0 sehenswerten \u201eR\u00fcckblicken\u201c\u00a0 und einer\u00a0\u201eVorschau\u201c\u00a0auf 2017\u00a0werden.<\/p>\n<p>Merkt euch den Termin schon mal vor.\u00a0 Genauere Info folgt. <!--more--><\/p>\n<p><strong>Und sonst noch &#8230;&#8230;..<\/strong><\/p>\n<p>&#8230;&#8230;sehr erfreulich ist, dass sich schon eine betr\u00e4chtliche Anzahl von Bergfindern durch Zahlung des Clubbeitrages (\u20ac 20.-)\u00a0\u00a0im Bergfinder-Club eingefunden haben \u00a0\ud83d\ude42 &#8230;&#8230;.<\/p>\n<p>&#8230;&#8230;wegen zu geringer Bestellmenge findet im heurigen Jahr keine Dressenbestellung statt&#8230;&#8230;<\/p>\n<p>&#8230;&#8230;f\u00fcr die Mallorca-Teilnehmer: Flugzeiten wurden von AirBerlin ge\u00e4ndert. Wir fliegen am 19.04.2017 erst um 17.30 Uhr in Salzburg weg. Der R\u00fcckflug wurde auch auf 15.30 Uhr vorverlegt. Diesbez\u00fcglich und auch wegen der Restzahlung ergeht an die &#8216;Malle-Teilnehmer&#8221; in K\u00fcrze eigene Mail-Nachricht&#8230;&#8230;<\/p>\n<p>&nbsp;<\/p>\n<p>Sepp <em>(jogad)<\/em><\/p>\n<div class='watch-action'><div class='watch-position align-left'><div class='action-like'><a class='lbg-style1 like-2689 jlk' href='javascript:void(0)' data-task='like' data-post_id='2689' data-nonce='88c7184e2c' rel='nofollow'><img class='wti-pixel' src='https:\/\/www.rc-bergfinder.at\/wp\/wp-content\/plugins\/wti-like-post\/images\/pixel.gif' title='Gef\u00e4llt mir' \/><span class='lc-2689 lc'>+24<\/span><\/a><\/div><\/div> <div class='status-2689 status align-left'><\/div><\/div><div class='wti-clear'><\/div>","protected":false},"excerpt":{"rendered":"<p>Am\u00a0Freitag, den 7. April 2017 findet ab 19.00 Uhr unser traditioneller \u201cBergfinder-Infoabend\u201d statt. Es freut uns sehr, dass wir diesen Abend wieder als G\u00e4ste\u00a0bei der Firma ETA (Panoramabar) in Hofkirchen\/Trattnach\u00a0verbringen&#8230;<\/p>\n","protected":false},"author":2,"featured_media":0,"comment_status":"open","ping_status":"closed","sticky":false,"template":"","format":"standard","meta":{"_s2mail":"yes","ngg_post_thumbnail":0,"footnotes":""},"categories":[1],"tags":[],"class_list":["post-2689","post","type-post","status-publish","format-standard","hentry","category-allgemein"],"_links":{"self":[{"href":"https:\/\/www.rc-bergfinder.at\/wp\/index.php?rest_route=\/wp\/v2\/posts\/2689","targetHints":{"allow":["GET"]}}],"collection":[{"href":"https:\/\/www.rc-bergfinder.at\/wp\/index.php?rest_route=\/wp\/v2\/posts"}],"about":[{"href":"https:\/\/www.rc-bergfinder.at\/wp\/index.php?rest_route=\/wp\/v2\/types\/post"}],"author":[{"embeddable":true,"href":"https:\/\/www.rc-bergfinder.at\/wp\/index.php?rest_route=\/wp\/v2\/users\/2"}],"replies":[{"embeddable":true,"href":"https:\/\/www.rc-bergfinder.at\/wp\/index.php?rest_route=%2Fwp%2Fv2%2Fcomments&post=2689"}],"version-history":[{"count":6,"href":"https:\/\/www.rc-bergfinder.at\/wp\/index.php?rest_route=\/wp\/v2\/posts\/2689\/revisions"}],"predecessor-version":[{"id":2695,"href":"https:\/\/www.rc-bergfinder.at\/wp\/index.php?rest_route=\/wp\/v2\/posts\/2689\/revisions\/2695"}],"wp:attachment":[{"href":"https:\/\/www.rc-bergfinder.at\/wp\/index.php?rest_route=%2Fwp%2Fv2%2Fmedia&parent=2689"}],"wp:term":[{"taxonomy":"category","embeddable":true,"href":"https:\/\/www.rc-bergfinder.at\/wp\/index.php?rest_route=%2Fwp%2Fv2%2Fcategories&post=2689"},{"taxonomy":"post_tag","embeddable":true,"href":"https:\/\/www.rc-bergfinder.at\/wp\/index.php?rest_route=%2Fwp%2Fv2%2Ftags&post=2689"}],"curies":[{"name":"wp","href":"https:\/\/api.w.org\/{rel}","templated":true}]}}