{"id":1918,"date":"2014-08-11T14:42:29","date_gmt":"2014-08-11T12:42:29","guid":{"rendered":"http:\/\/www.rc-bergfinder.at\/wp\/?p=1918"},"modified":"2014-08-11T14:42:29","modified_gmt":"2014-08-11T12:42:29","slug":"tagesausfahrt-vom-pyhrnpass-zum-hengstpass","status":"publish","type":"post","link":"https:\/\/www.rc-bergfinder.at\/wp\/?p=1918","title":{"rendered":"Tagesausfahrt &#8220;vom Pyhrnpa\u00df zum Hengstpa\u00df&#8221;"},"content":{"rendered":"<p><strong>F\u00fcr\u00a0Freitag, den 15. August\u00a0ist \u00a0(vorausgesetzt\u00a0die Witterung\u00a0entspricht)\u00a0eine sch\u00f6ne Tagesausfahrt\u00a0 in die\u00a0Region Pyhrn\/Ennstal\u00a0geplant.<\/strong><\/p>\n<p>Wir starten von Windischgarsten \u00fcber den\u00a0Pyhrnpa\u00df nach Liezen. \u00dcber Lassing und Rottenmann geht es dann bis kurz vor Trieben. Den h\u00f6chsten Punkt der Runde erreichen wir in der Kaiserau (1100 hm).<\/p>\n<p><em>Blick auf die Kaiserau (Hochebene zwischen Trieben und Admont) <em> <\/em> <a href=\"http:\/\/www.rc-bergfinder.at\/wp\/wp-content\/uploads\/2014\/08\/Kaiserau.jpg\"><img loading=\"lazy\" decoding=\"async\" class=\"alignnone size-full wp-image-1929\" alt=\"Kaiserau\" src=\"http:\/\/www.rc-bergfinder.at\/wp\/wp-content\/uploads\/2014\/08\/Kaiserau.jpg\" width=\"900\" height=\"576\" \/><\/a><br \/>\nc)Wikipedia<\/em><\/p>\n<p>Nach der Abfahrt nach Admont runter fahren wir von dort bis Altenmarkt\/Stmk., ehe es \u00fcber den Hengstpa\u00df (950 hm)\u00a0wieder nach O\u00d6 bzw. Windischgarsten zur\u00fcck geht.<\/p>\n<p>Sreckenl\u00e4nge: ca 121 km, H\u00f6henmeter: ca 2200<\/p>\n<p><iframe loading=\"lazy\" src=\"http:\/\/www.gpsies.com\/mapOnly.do?fileId=egzaoerljabjityj\" height=\"400\" width=\"600\" frameborder=\"0\" marginwidth=\"0\" marginheight=\"0\" scrolling=\"no\"><\/iframe><\/p>\n<p>Gemeinsame Abfahrt um 07.00 Uhr in Grieskirchen. Zwecks Transportplanung wird um\u00a0baldige R\u00fcckmeldung an <a href=\"mailto:rc-bergfinder@gmx.at\">rc-bergfinder@gmx.at<\/a>\u00a0\u00a0ersucht (bitte bis sp\u00e4testens 13.08.2014, 20.00 Uhr). Teilnehmer erhalten dann noch genauere Infos.<\/p>\n<p>Sepp<em> (jogad)<\/em><\/p>\n<div class='watch-action'><div class='watch-position align-left'><div class='action-like'><a class='lbg-style1 like-1918 jlk' href='javascript:void(0)' data-task='like' data-post_id='1918' data-nonce='210604d349' rel='nofollow'><img class='wti-pixel' src='https:\/\/www.rc-bergfinder.at\/wp\/wp-content\/plugins\/wti-like-post\/images\/pixel.gif' title='Gef\u00e4llt mir' \/><span class='lc-1918 lc'>+73<\/span><\/a><\/div><\/div> <div class='status-1918 status align-left'><\/div><\/div><div class='wti-clear'><\/div>","protected":false},"excerpt":{"rendered":"<p>F\u00fcr\u00a0Freitag, den 15. August\u00a0ist \u00a0(vorausgesetzt\u00a0die Witterung\u00a0entspricht)\u00a0eine sch\u00f6ne Tagesausfahrt\u00a0 in die\u00a0Region Pyhrn\/Ennstal\u00a0geplant. Wir starten von Windischgarsten \u00fcber den\u00a0Pyhrnpa\u00df nach Liezen. \u00dcber Lassing und Rottenmann geht es dann bis kurz vor Trieben&#8230;.<\/p>\n","protected":false},"author":2,"featured_media":0,"comment_status":"open","ping_status":"closed","sticky":false,"template":"","format":"standard","meta":{"_s2mail":"yes","ngg_post_thumbnail":0,"footnotes":""},"categories":[1],"tags":[],"class_list":["post-1918","post","type-post","status-publish","format-standard","hentry","category-allgemein"],"_links":{"self":[{"href":"https:\/\/www.rc-bergfinder.at\/wp\/index.php?rest_route=\/wp\/v2\/posts\/1918","targetHints":{"allow":["GET"]}}],"collection":[{"href":"https:\/\/www.rc-bergfinder.at\/wp\/index.php?rest_route=\/wp\/v2\/posts"}],"about":[{"href":"https:\/\/www.rc-bergfinder.at\/wp\/index.php?rest_route=\/wp\/v2\/types\/post"}],"author":[{"embeddable":true,"href":"https:\/\/www.rc-bergfinder.at\/wp\/index.php?rest_route=\/wp\/v2\/users\/2"}],"replies":[{"embeddable":true,"href":"https:\/\/www.rc-bergfinder.at\/wp\/index.php?rest_route=%2Fwp%2Fv2%2Fcomments&post=1918"}],"version-history":[{"count":17,"href":"https:\/\/www.rc-bergfinder.at\/wp\/index.php?rest_route=\/wp\/v2\/posts\/1918\/revisions"}],"predecessor-version":[{"id":1936,"href":"https:\/\/www.rc-bergfinder.at\/wp\/index.php?rest_route=\/wp\/v2\/posts\/1918\/revisions\/1936"}],"wp:attachment":[{"href":"https:\/\/www.rc-bergfinder.at\/wp\/index.php?rest_route=%2Fwp%2Fv2%2Fmedia&parent=1918"}],"wp:term":[{"taxonomy":"category","embeddable":true,"href":"https:\/\/www.rc-bergfinder.at\/wp\/index.php?rest_route=%2Fwp%2Fv2%2Fcategories&post=1918"},{"taxonomy":"post_tag","embeddable":true,"href":"https:\/\/www.rc-bergfinder.at\/wp\/index.php?rest_route=%2Fwp%2Fv2%2Ftags&post=1918"}],"curies":[{"name":"wp","href":"https:\/\/api.w.org\/{rel}","templated":true}]}}