{"id":1740,"date":"2014-02-27T01:04:47","date_gmt":"2014-02-27T00:04:47","guid":{"rendered":"http:\/\/www.rc-bergfinder.at\/wp\/?p=1740"},"modified":"2014-02-27T01:26:59","modified_gmt":"2014-02-27T00:26:59","slug":"nachbestellung-von-trikot-hose-und-windjacke-2","status":"publish","type":"post","link":"https:\/\/www.rc-bergfinder.at\/wp\/?p=1740","title":{"rendered":"Nachbestellung von Trikot, Hose und Windjacke"},"content":{"rendered":"<p><strong>Da wiederum vermehrt der Wunsch nach einem zweiten Bergfinder-Trikot oder einer Bergfinder-Hose ge\u00e4u\u00dfert wurde, besteht jetzt die M\u00f6glichkeit einer Nachbestellung \/ Neubestellung.\u00a0Es w\u00e4re\u00a0ja wirklich super, wenn\u00a0ALLE Mallorca-Teilnehmer\u00a0das eine oder andere mal mit\u00a0der\u00a0Bergfinder-Dress ausfahren k\u00f6nnten.<\/strong><\/p>\n<p><a href=\"http:\/\/www.rc-bergfinder.at\/wp\/wp-content\/uploads\/2013\/02\/RRT-040M_Kurzarm-Trikot_vorne_Entwurf_0021.jpg\"><a href=\"http:\/\/www.rc-bergfinder.at\/wp\/wp-content\/uploads\/2013\/02\/RRT-040M_Kurzarm-Trikot_hinten_Entwurf_0021.jpg\"><img loading=\"lazy\" decoding=\"async\" class=\"alignnone size-large wp-image-732\" alt=\"RRT-040M_Kurzarm-Trikot_hinten_Entwurf_002\" src=\"http:\/\/www.rc-bergfinder.at\/wp\/wp-content\/uploads\/2013\/02\/RRT-040M_Kurzarm-Trikot_hinten_Entwurf_0021-1024x960.jpg\" width=\"584\" height=\"547\" srcset=\"https:\/\/www.rc-bergfinder.at\/wp\/wp-content\/uploads\/2013\/02\/RRT-040M_Kurzarm-Trikot_hinten_Entwurf_0021-1024x960.jpg 1024w, https:\/\/www.rc-bergfinder.at\/wp\/wp-content\/uploads\/2013\/02\/RRT-040M_Kurzarm-Trikot_hinten_Entwurf_0021-300x281.jpg 300w, https:\/\/www.rc-bergfinder.at\/wp\/wp-content\/uploads\/2013\/02\/RRT-040M_Kurzarm-Trikot_hinten_Entwurf_0021-320x300.jpg 320w, https:\/\/www.rc-bergfinder.at\/wp\/wp-content\/uploads\/2013\/02\/RRT-040M_Kurzarm-Trikot_hinten_Entwurf_0021.jpg 1600w\" sizes=\"auto, (max-width: 584px) 100vw, 584px\" \/><\/a><a href=\"http:\/\/www.rc-bergfinder.at\/wp\/wp-content\/uploads\/2013\/02\/RRT-040M_Kurzarm-Trikot_vorne_Entwurf_0021.jpg\"><img loading=\"lazy\" decoding=\"async\" class=\"alignnone size-large wp-image-733\" alt=\"RRT-040M_Kurzarm-Trikot_vorne_Entwurf_002\" src=\"http:\/\/www.rc-bergfinder.at\/wp\/wp-content\/uploads\/2013\/02\/RRT-040M_Kurzarm-Trikot_vorne_Entwurf_0021-1024x958.jpg\" width=\"584\" height=\"546\" srcset=\"https:\/\/www.rc-bergfinder.at\/wp\/wp-content\/uploads\/2013\/02\/RRT-040M_Kurzarm-Trikot_vorne_Entwurf_0021-1024x958.jpg 1024w, https:\/\/www.rc-bergfinder.at\/wp\/wp-content\/uploads\/2013\/02\/RRT-040M_Kurzarm-Trikot_vorne_Entwurf_0021-300x280.jpg 300w, https:\/\/www.rc-bergfinder.at\/wp\/wp-content\/uploads\/2013\/02\/RRT-040M_Kurzarm-Trikot_vorne_Entwurf_0021-320x300.jpg 320w, https:\/\/www.rc-bergfinder.at\/wp\/wp-content\/uploads\/2013\/02\/RRT-040M_Kurzarm-Trikot_vorne_Entwurf_0021.jpg 1600w\" sizes=\"auto, (max-width: 584px) 100vw, 584px\" \/><\/a><\/a><\/p>\n<div>\n<p>Die Listenpreise\u00a0 er Firma OWAYO\u00a0bewegen sich \u00a0bei Abnahme\u00a0zwischen 3 und 10 St\u00fcck in Euro:<\/p>\n<p>f\u00fcr Trikot: von 45.- bis 55.-<\/p>\n<p>f\u00fcr Hose: von 55.- bis 65.-<\/p>\n<p>f\u00fcr Windjacke: von 60,50\u00a0 bis 70,50<\/p>\n<p>Bei Trikot und Windjacke erfolgt auf Wunsch der Namen-Aufdruck gratis.<\/p>\n<p>Falls du Interesse an einem Ersatz (Zweit-Garnitur, Einzelteil) hast, w\u00e4re jetzt die beste Gelegenheit, zumal bei einer gr\u00f6\u00dferen\u00a0Anzahl an Nachbestellungen\u00a0die Preise f\u00fcr jeden \u00a0merklich g\u00fcnstiger werden w\u00fcrden. Etwaige Sponsorenst\u00fctzung wird nat\u00fcrlich auch noch in Abzug gebracht.<\/p>\n<p>Bestellungen (mit Gr\u00f6\u00dfenangabe) bitte\u00a0<strong>bis sp\u00e4testens Sonntag (02. M\u00e4rz 2014)<\/strong>\u00a0per Mail\u00a0(<a href=\"mailto:rc-bergfinder@gmx.at\">rc-bergfinder@gmx.at<\/a>) oder \u00fcber WhatsApp-Chat\u00a0abgeben. Dann kann n\u00e4mlich der Liefertermin vor der Mallorca-Reise noch eingehalten werden.<\/p>\n<p>&nbsp;<\/p>\n<p>Sepp<\/p>\n<p>&nbsp;<\/p>\n<p>&nbsp;<\/p>\n<\/div>\n<div class='watch-action'><div class='watch-position align-left'><div class='action-like'><a class='lbg-style1 like-1740 jlk' href='javascript:void(0)' data-task='like' data-post_id='1740' data-nonce='af8acb160e' rel='nofollow'><img class='wti-pixel' src='https:\/\/www.rc-bergfinder.at\/wp\/wp-content\/plugins\/wti-like-post\/images\/pixel.gif' title='Gef\u00e4llt mir' \/><span class='lc-1740 lc'>+115<\/span><\/a><\/div><\/div> <div class='status-1740 status align-left'><\/div><\/div><div class='wti-clear'><\/div>","protected":false},"excerpt":{"rendered":"<p>Da wiederum vermehrt der Wunsch nach einem zweiten Bergfinder-Trikot oder einer Bergfinder-Hose ge\u00e4u\u00dfert wurde, besteht jetzt die M\u00f6glichkeit einer Nachbestellung \/ Neubestellung.\u00a0Es w\u00e4re\u00a0ja wirklich super, wenn\u00a0ALLE Mallorca-Teilnehmer\u00a0das eine oder andere&#8230;<\/p>\n","protected":false},"author":2,"featured_media":0,"comment_status":"open","ping_status":"closed","sticky":false,"template":"","format":"standard","meta":{"_s2mail":"yes","ngg_post_thumbnail":0,"footnotes":""},"categories":[1],"tags":[],"class_list":["post-1740","post","type-post","status-publish","format-standard","hentry","category-allgemein"],"_links":{"self":[{"href":"https:\/\/www.rc-bergfinder.at\/wp\/index.php?rest_route=\/wp\/v2\/posts\/1740","targetHints":{"allow":["GET"]}}],"collection":[{"href":"https:\/\/www.rc-bergfinder.at\/wp\/index.php?rest_route=\/wp\/v2\/posts"}],"about":[{"href":"https:\/\/www.rc-bergfinder.at\/wp\/index.php?rest_route=\/wp\/v2\/types\/post"}],"author":[{"embeddable":true,"href":"https:\/\/www.rc-bergfinder.at\/wp\/index.php?rest_route=\/wp\/v2\/users\/2"}],"replies":[{"embeddable":true,"href":"https:\/\/www.rc-bergfinder.at\/wp\/index.php?rest_route=%2Fwp%2Fv2%2Fcomments&post=1740"}],"version-history":[{"count":10,"href":"https:\/\/www.rc-bergfinder.at\/wp\/index.php?rest_route=\/wp\/v2\/posts\/1740\/revisions"}],"predecessor-version":[{"id":1750,"href":"https:\/\/www.rc-bergfinder.at\/wp\/index.php?rest_route=\/wp\/v2\/posts\/1740\/revisions\/1750"}],"wp:attachment":[{"href":"https:\/\/www.rc-bergfinder.at\/wp\/index.php?rest_route=%2Fwp%2Fv2%2Fmedia&parent=1740"}],"wp:term":[{"taxonomy":"category","embeddable":true,"href":"https:\/\/www.rc-bergfinder.at\/wp\/index.php?rest_route=%2Fwp%2Fv2%2Fcategories&post=1740"},{"taxonomy":"post_tag","embeddable":true,"href":"https:\/\/www.rc-bergfinder.at\/wp\/index.php?rest_route=%2Fwp%2Fv2%2Ftags&post=1740"}],"curies":[{"name":"wp","href":"https:\/\/api.w.org\/{rel}","templated":true}]}}