{"id":1680,"date":"2014-01-21T15:10:43","date_gmt":"2014-01-21T14:10:43","guid":{"rendered":"http:\/\/www.rc-bergfinder.at\/wp\/?p=1680"},"modified":"2014-01-21T15:43:53","modified_gmt":"2014-01-21T14:43:53","slug":"termin-herbstausfahrt-2014","status":"publish","type":"post","link":"https:\/\/www.rc-bergfinder.at\/wp\/?p=1680","title":{"rendered":"Termin Herbstausfahrt 2014 ?"},"content":{"rendered":"<p><strong>Ja, du liest richtig! Es geht nicht um unsere\u00a0Mallorca-Reise oder sonstige Fr\u00fchjahrsausfahrt &#8211; es geht um unsere Herbstausfahrt. Beim letzten Stammtisch haben wir schon festgestellt, dass es gar nicht so einfach ist, einen f\u00fcr alle passenden Termin zu finden.\u00a0Da viele\u00a0<span style=\"color: #3366ff;\"><em>Bergfinder<\/em><\/span>\u00a0\u00a0firmenintern\u00a0 bereits jetzt ihre Jahres-Urlaubsplanung anmelden m\u00fcssen, hei\u00dft es daher: &#8220;Termin fixieren&#8221;.<\/strong><\/p>\n<p>Wir werden deshalb eine Abstimmung \u00fcber 2 Terminvorschl\u00e4ge auf dem &#8220;Doodle-Portal'&#8221; durchf\u00fchren. <span style=\"color: #ff0000;\">Die Abstimmung kann bis einschlie\u00dflich 31.01.2014 vorgenommen werden.<\/span><\/p>\n<p><span style=\"text-decoration: underline;\">Termine<\/span>:<br \/>\nMittwoch,\u00a003. September &#8211; Sonntag, 07. September 2014 (letzte Ferienwoche)<br \/>\nMittwoch, 10. September &#8211; Sonntag, 14. September 2014 (erste Schulwoche)<\/p>\n<p>Du bekommt eine Infomail mit dem Link zum \u00a0Doodle-Portal, wo du dann\u00a0deinen Wunschtermin mitteilen kannst.\u00a0\u00a0 Wer zu beiden Terminen Zeit hat, soll\u00a0fairerweise auch beide Termine best\u00e4tigen. Abstimmen sollen aber nur jene <em><strong><span style=\"color: #3366ff;\">Bergfinder<\/span><\/strong><\/em>, die auch <span style=\"color: #ff0000;\"><strong>wirklich Interesse<\/strong> <\/span>an der Herbstausfahrt haben. Der Termin mit der h\u00f6chsten Zustimmung wird dann gew\u00e4hlt.<\/p>\n<p><em>Bei passender Witterung werden wir heuer die\u00a0im Vorjahr wegen Schlechtwettereinbruch verschobene\u00a0Alpentour (\u00fcber Hirschbichl-Pass, Gro\u00dfglockner und Vrsic-Pass ans Meer -siehe Homepagebericht vom Juni 2013) durchf\u00fchren.<\/em><\/p>\n<p><em>Bei\u00a0Schlechtwetter geht&#8217;s in die Emilia-Romagna nach Cesenatico (dann Anreise einen Tag vorher).<\/em><\/p>\n<p><iframe loading=\"lazy\" src=\"http:\/\/www.gpsies.com\/mapOnly.do?fileId=nnzzbsybjpnftery\" height=\"400\" width=\"600\" frameborder=\"0\" marginwidth=\"0\" marginheight=\"0\" scrolling=\"no\"><\/iframe><br \/>\n<em>Durch Klick auf &#8220;Herbstausfahrt&#8221; im Bild kannst du dir die Route auf GPSies ansehen.<\/em><\/p>\n<p>Sepp<\/p>\n<div class='watch-action'><div class='watch-position align-left'><div class='action-like'><a class='lbg-style1 like-1680 jlk' href='javascript:void(0)' data-task='like' data-post_id='1680' data-nonce='04e14182ea' rel='nofollow'><img class='wti-pixel' src='https:\/\/www.rc-bergfinder.at\/wp\/wp-content\/plugins\/wti-like-post\/images\/pixel.gif' title='Gef\u00e4llt mir' \/><span class='lc-1680 lc'>+107<\/span><\/a><\/div><\/div> <div class='status-1680 status align-left'><\/div><\/div><div class='wti-clear'><\/div>","protected":false},"excerpt":{"rendered":"<p>Ja, du liest richtig! Es geht nicht um unsere\u00a0Mallorca-Reise oder sonstige Fr\u00fchjahrsausfahrt &#8211; es geht um unsere Herbstausfahrt. Beim letzten Stammtisch haben wir schon festgestellt, dass es gar nicht so&#8230;<\/p>\n","protected":false},"author":2,"featured_media":0,"comment_status":"open","ping_status":"closed","sticky":false,"template":"","format":"standard","meta":{"_s2mail":"yes","ngg_post_thumbnail":0,"footnotes":""},"categories":[1],"tags":[],"class_list":["post-1680","post","type-post","status-publish","format-standard","hentry","category-allgemein"],"_links":{"self":[{"href":"https:\/\/www.rc-bergfinder.at\/wp\/index.php?rest_route=\/wp\/v2\/posts\/1680","targetHints":{"allow":["GET"]}}],"collection":[{"href":"https:\/\/www.rc-bergfinder.at\/wp\/index.php?rest_route=\/wp\/v2\/posts"}],"about":[{"href":"https:\/\/www.rc-bergfinder.at\/wp\/index.php?rest_route=\/wp\/v2\/types\/post"}],"author":[{"embeddable":true,"href":"https:\/\/www.rc-bergfinder.at\/wp\/index.php?rest_route=\/wp\/v2\/users\/2"}],"replies":[{"embeddable":true,"href":"https:\/\/www.rc-bergfinder.at\/wp\/index.php?rest_route=%2Fwp%2Fv2%2Fcomments&post=1680"}],"version-history":[{"count":42,"href":"https:\/\/www.rc-bergfinder.at\/wp\/index.php?rest_route=\/wp\/v2\/posts\/1680\/revisions"}],"predecessor-version":[{"id":1722,"href":"https:\/\/www.rc-bergfinder.at\/wp\/index.php?rest_route=\/wp\/v2\/posts\/1680\/revisions\/1722"}],"wp:attachment":[{"href":"https:\/\/www.rc-bergfinder.at\/wp\/index.php?rest_route=%2Fwp%2Fv2%2Fmedia&parent=1680"}],"wp:term":[{"taxonomy":"category","embeddable":true,"href":"https:\/\/www.rc-bergfinder.at\/wp\/index.php?rest_route=%2Fwp%2Fv2%2Fcategories&post=1680"},{"taxonomy":"post_tag","embeddable":true,"href":"https:\/\/www.rc-bergfinder.at\/wp\/index.php?rest_route=%2Fwp%2Fv2%2Ftags&post=1680"}],"curies":[{"name":"wp","href":"https:\/\/api.w.org\/{rel}","templated":true}]}}