{"id":1594,"date":"2013-11-27T14:35:05","date_gmt":"2013-11-27T13:35:05","guid":{"rendered":"http:\/\/www.rc-bergfinder.at\/wp\/?p=1594"},"modified":"2013-11-27T14:35:05","modified_gmt":"2013-11-27T13:35:05","slug":"its-time-for-a-movie-2","status":"publish","type":"post","link":"https:\/\/www.rc-bergfinder.at\/wp\/?p=1594","title":{"rendered":"It&#8217;s time for a movie (2)"},"content":{"rendered":"<p><strong>Unser Filmemacher l\u00e4sst gr\u00fc\u00dfen!\u00a0 Sch\u00f6ne R\u00fcckblicke in perfekter Aufmachung &#8211; Bravo Gerhard!<\/strong><\/p>\n<p>Genie\u00dft eine Aus- Abfahrt nach Sa\u00a0Calobra und an die\u00a0Westk\u00fcste Mallorcas. \ud83d\ude42<\/p>\n<p><span style=\"color: #339966;\"><em>F\u00fcr beste Bildqualit\u00e4t stellt\u00a0 &#8211; falls\u00a0es der Browser\u00a0unterst\u00fctzt &#8211; \u00a0unter Einstellungen (unten rechts) auf 720p (HD) ein. <\/em><\/span><br \/>\n<iframe loading=\"lazy\" src=\"\/\/www.youtube.com\/embed\/kpok4wfQGvE\" height=\"390\" width=\"640\" allowfullscreen=\"\" frameborder=\"0\"><\/iframe><\/p>\n<p>Da kommt jetzt schon Sehnsucht auf.<\/p>\n<p><em>Sepp<\/em><\/p>\n<p>YouTube Link:<a href=\"http:\/\/www.youtube.com\/watch?v=kpok4wfQGvE\">http:\/\/www.youtube.com\/watch?v=kpok4wfQGvE<\/a><\/p>\n<div class='watch-action'><div class='watch-position align-left'><div class='action-like'><a class='lbg-style1 like-1594 jlk' href='javascript:void(0)' data-task='like' data-post_id='1594' data-nonce='af8acb160e' rel='nofollow'><img class='wti-pixel' src='https:\/\/www.rc-bergfinder.at\/wp\/wp-content\/plugins\/wti-like-post\/images\/pixel.gif' title='Gef\u00e4llt mir' \/><span class='lc-1594 lc'>+118<\/span><\/a><\/div><\/div> <div class='status-1594 status align-left'><\/div><\/div><div class='wti-clear'><\/div>","protected":false},"excerpt":{"rendered":"<p>Unser Filmemacher l\u00e4sst gr\u00fc\u00dfen!\u00a0 Sch\u00f6ne R\u00fcckblicke in perfekter Aufmachung &#8211; Bravo Gerhard! Genie\u00dft eine Aus- Abfahrt nach Sa\u00a0Calobra und an die\u00a0Westk\u00fcste Mallorcas. \ud83d\ude42 F\u00fcr beste Bildqualit\u00e4t stellt\u00a0 &#8211; falls\u00a0es der&#8230;<\/p>\n","protected":false},"author":2,"featured_media":0,"comment_status":"open","ping_status":"closed","sticky":false,"template":"","format":"standard","meta":{"_s2mail":"yes","ngg_post_thumbnail":0,"footnotes":""},"categories":[1],"tags":[],"class_list":["post-1594","post","type-post","status-publish","format-standard","hentry","category-allgemein"],"_links":{"self":[{"href":"https:\/\/www.rc-bergfinder.at\/wp\/index.php?rest_route=\/wp\/v2\/posts\/1594","targetHints":{"allow":["GET"]}}],"collection":[{"href":"https:\/\/www.rc-bergfinder.at\/wp\/index.php?rest_route=\/wp\/v2\/posts"}],"about":[{"href":"https:\/\/www.rc-bergfinder.at\/wp\/index.php?rest_route=\/wp\/v2\/types\/post"}],"author":[{"embeddable":true,"href":"https:\/\/www.rc-bergfinder.at\/wp\/index.php?rest_route=\/wp\/v2\/users\/2"}],"replies":[{"embeddable":true,"href":"https:\/\/www.rc-bergfinder.at\/wp\/index.php?rest_route=%2Fwp%2Fv2%2Fcomments&post=1594"}],"version-history":[{"count":38,"href":"https:\/\/www.rc-bergfinder.at\/wp\/index.php?rest_route=\/wp\/v2\/posts\/1594\/revisions"}],"predecessor-version":[{"id":1632,"href":"https:\/\/www.rc-bergfinder.at\/wp\/index.php?rest_route=\/wp\/v2\/posts\/1594\/revisions\/1632"}],"wp:attachment":[{"href":"https:\/\/www.rc-bergfinder.at\/wp\/index.php?rest_route=%2Fwp%2Fv2%2Fmedia&parent=1594"}],"wp:term":[{"taxonomy":"category","embeddable":true,"href":"https:\/\/www.rc-bergfinder.at\/wp\/index.php?rest_route=%2Fwp%2Fv2%2Fcategories&post=1594"},{"taxonomy":"post_tag","embeddable":true,"href":"https:\/\/www.rc-bergfinder.at\/wp\/index.php?rest_route=%2Fwp%2Fv2%2Ftags&post=1594"}],"curies":[{"name":"wp","href":"https:\/\/api.w.org\/{rel}","templated":true}]}}