{"id":1459,"date":"2013-10-27T15:23:47","date_gmt":"2013-10-27T14:23:47","guid":{"rendered":"http:\/\/www.rc-bergfinder.at\/wp\/?p=1459"},"modified":"2013-10-27T15:38:36","modified_gmt":"2013-10-27T14:38:36","slug":"mallorca-2014-anmeldung","status":"publish","type":"post","link":"https:\/\/www.rc-bergfinder.at\/wp\/?p=1459","title":{"rendered":"Mallorca 2014 &#8211; Anmeldung"},"content":{"rendered":"<p><strong>Die Saison 2014 starten wir im April <span style=\"color: #ff0000;\"><span style=\"color: #000000;\">wieder mit\u00a0einer Trainingswoche <\/span><\/span><span style=\"color: #000000;\">auf Mallorca. Entsprechend der Abstimmung beim letz<\/span>ten Stammtisch \ud83d\ude09 beziehen wir\u00a0 n\u00e4chstes Jahr erstmalig im Norden\u00a0 der Insel (in Alcudia) unser Quartier.\u00a0 <\/strong><\/p>\n<p><strong>Es wird sicher wieder eine sch\u00f6ne Woche mit neuen Eindr\u00fccken \/ Strecken werden :-). Die Planungen haben schon begonnen.<\/strong><\/p>\n<p><strong><span style=\"color: #ff0000;\">Reisetermin: \u00a0Mittwoch 02. April 2014 bis Mittwoch 09. April 2014\u00a0\u00a0\u00a0\u00a0\u00a0\u00a0\u00a0\u00a0\u00a0\u00a0\u00a0\u00a0\u00a0\u00a0 <\/span><\/strong><\/p>\n<p><strong><span style=\"color: #ff0000;\">Quartier:\u00a0\u00a0\u00a0\u00a0\u00a0 \u00a0\u00a0Hotel Iberostar Alcudia Park **** \u00a0(H\u00fcrzeler-Vertragshotel)\u00a0<\/span><!--more--><\/strong><\/p>\n<p><em>Hotel Iberostar Alcudia Park**** (H\u00fcrzeler-Vertragshotel)<\/em><a href=\"http:\/\/www.rc-bergfinder.at\/wp\/wp-content\/uploads\/2013\/10\/Iberostar1.jpg\"><img loading=\"lazy\" decoding=\"async\" class=\"alignnone size-full wp-image-1460\" alt=\"Iberostar1\" src=\"http:\/\/www.rc-bergfinder.at\/wp\/wp-content\/uploads\/2013\/10\/Iberostar1.jpg\" width=\"600\" height=\"390\" \/><\/a><\/p>\n<p><em>\u00a0<\/em>Die Kosten f\u00fcr Hotel (Studio-DZ, Halbpension), Flughafen-Transfer\u00a0\u00a0und Radsportpaket\u00a0 betragen\u00a0je nach\u00a0Teilnehmeranzahl um\u00a0\u20ac 450.- pro Person. Die Flugkosten richten sich nach Abflugsort und Zeit der Buchung (momentan ca \u20ac 160.- inkl Gep\u00e4ck, ab M\u00fcnchen). Mietr\u00e4der von H\u00fcrzeler kosten je nach Modell\u00a0 ca 75 &#8211; 110 Euro.<\/p>\n<p><strong>Wer dabei sein will: \u00a0<span style=\"color: #ff0000;\">Anmeldung <\/span><\/strong><strong><span style=\"color: #ff0000;\">bitte umgehend\u00a0 bzw. bis\u00a0sp\u00e4testens Montag, 04.11.2013<\/span> per Mail\u00a0an <a href=\"mailto:rc-bergfinder@aon.at\">rc-bergfinder@gmx.at<\/a>\u00a0 vornehmen !\u00a0 <\/strong>(Auch jene Bergfinder, die beim\u00a0letzten Stammtisch ihre Teilnahme bereits m\u00fcndlich\u00a0zugesagt haben).<\/p>\n<p>Nachtr\u00e4gliche Anmeldungen k\u00f6nnen aus organisatorischen Gr\u00fcnden\u00a0nicht mehr ber\u00fccksichtigt werden bzw. m\u00fcssen diese dann selbst abgewickelt werden.<\/p>\n<p>Weitere\u00a0Info beim n\u00e4chsten Stammtisch am 04.11.2013 um 19.30 Uhr im Rondo<\/p>\n<p>&nbsp;<\/p>\n<p><em>Sepp<\/em><\/p>\n<p>&nbsp;<\/p>\n<div class='watch-action'><div class='watch-position align-left'><div class='action-like'><a class='lbg-style1 like-1459 jlk' href='javascript:void(0)' data-task='like' data-post_id='1459' data-nonce='af8acb160e' rel='nofollow'><img class='wti-pixel' src='https:\/\/www.rc-bergfinder.at\/wp\/wp-content\/plugins\/wti-like-post\/images\/pixel.gif' title='Gef\u00e4llt mir' \/><span class='lc-1459 lc'>+106<\/span><\/a><\/div><\/div> <div class='status-1459 status align-left'><\/div><\/div><div class='wti-clear'><\/div>","protected":false},"excerpt":{"rendered":"<p>Die Saison 2014 starten wir im April wieder mit\u00a0einer Trainingswoche auf Mallorca. Entsprechend der Abstimmung beim letzten Stammtisch \ud83d\ude09 beziehen wir\u00a0 n\u00e4chstes Jahr erstmalig im Norden\u00a0 der Insel (in Alcudia)&#8230;<\/p>\n","protected":false},"author":2,"featured_media":0,"comment_status":"open","ping_status":"closed","sticky":false,"template":"","format":"standard","meta":{"_s2mail":"yes","ngg_post_thumbnail":0,"footnotes":""},"categories":[1],"tags":[],"class_list":["post-1459","post","type-post","status-publish","format-standard","hentry","category-allgemein"],"_links":{"self":[{"href":"https:\/\/www.rc-bergfinder.at\/wp\/index.php?rest_route=\/wp\/v2\/posts\/1459","targetHints":{"allow":["GET"]}}],"collection":[{"href":"https:\/\/www.rc-bergfinder.at\/wp\/index.php?rest_route=\/wp\/v2\/posts"}],"about":[{"href":"https:\/\/www.rc-bergfinder.at\/wp\/index.php?rest_route=\/wp\/v2\/types\/post"}],"author":[{"embeddable":true,"href":"https:\/\/www.rc-bergfinder.at\/wp\/index.php?rest_route=\/wp\/v2\/users\/2"}],"replies":[{"embeddable":true,"href":"https:\/\/www.rc-bergfinder.at\/wp\/index.php?rest_route=%2Fwp%2Fv2%2Fcomments&post=1459"}],"version-history":[{"count":28,"href":"https:\/\/www.rc-bergfinder.at\/wp\/index.php?rest_route=\/wp\/v2\/posts\/1459\/revisions"}],"predecessor-version":[{"id":1488,"href":"https:\/\/www.rc-bergfinder.at\/wp\/index.php?rest_route=\/wp\/v2\/posts\/1459\/revisions\/1488"}],"wp:attachment":[{"href":"https:\/\/www.rc-bergfinder.at\/wp\/index.php?rest_route=%2Fwp%2Fv2%2Fmedia&parent=1459"}],"wp:term":[{"taxonomy":"category","embeddable":true,"href":"https:\/\/www.rc-bergfinder.at\/wp\/index.php?rest_route=%2Fwp%2Fv2%2Fcategories&post=1459"},{"taxonomy":"post_tag","embeddable":true,"href":"https:\/\/www.rc-bergfinder.at\/wp\/index.php?rest_route=%2Fwp%2Fv2%2Ftags&post=1459"}],"curies":[{"name":"wp","href":"https:\/\/api.w.org\/{rel}","templated":true}]}}