{"id":1416,"date":"2013-10-02T22:10:38","date_gmt":"2013-10-02T20:10:38","guid":{"rendered":"http:\/\/www.rc-bergfinder.at\/wp\/?p=1416"},"modified":"2013-10-02T22:10:38","modified_gmt":"2013-10-02T20:10:38","slug":"einladung-zum-stammtisch","status":"publish","type":"post","link":"https:\/\/www.rc-bergfinder.at\/wp\/?p=1416","title":{"rendered":"Einladung zum Stammtisch"},"content":{"rendered":"<p><strong>Die Tage werden k\u00fcrzer, die N\u00e4chte l\u00e4nger und\u00a0die Rennradsaison geht dem Ende zu&#8230;&#8230;&#8230;&#8230;..aber es kommt\u00a0ja jetzt wieder\u00a0die Stammtischzeit. Roli hat ja schon per WhatsApp vorinformiert, aber nochmals zur Erinnerung:<\/strong><\/p>\n<p><span style=\"color: #ff0000;\"><strong>Wann:\u00a0 Montag, 07. Oktober 2013, 19.30 Uhr<\/strong><\/span><br \/>\n<span style=\"color: #ff0000;\"><strong>Wo:\u00a0\u00a0\u00a0\u00a0 \u00a0Grieskirchen, Cafe Rondo<\/strong><\/span><\/p>\n<p>News, R\u00fcckblick 2013, Vorschau 2014&#8230;&#8230;&#8230; es gibt viel zu bereden.<\/p>\n<p><a href=\"http:\/\/www.rc-bergfinder.at\/wp\/wp-content\/uploads\/2013\/10\/Stammtisch.jpg\"><img loading=\"lazy\" decoding=\"async\" class=\"alignnone size-full wp-image-1415\" alt=\"Stammtisch\" src=\"http:\/\/www.rc-bergfinder.at\/wp\/wp-content\/uploads\/2013\/10\/Stammtisch.jpg\" width=\"1532\" height=\"2046\" \/><\/a><br \/>\n<span style=\"color: #c0c0c0;\"><em>C)Lustich.de<\/em><\/span><\/p>\n<p>&nbsp;<\/p>\n<p>Bis bald<\/p>\n<p>Sepp<em> (jogad)<\/em><\/p>\n<div class='watch-action'><div class='watch-position align-left'><div class='action-like'><a class='lbg-style1 like-1416 jlk' href='javascript:void(0)' data-task='like' data-post_id='1416' data-nonce='a33c53e09e' rel='nofollow'><img class='wti-pixel' src='https:\/\/www.rc-bergfinder.at\/wp\/wp-content\/plugins\/wti-like-post\/images\/pixel.gif' title='Gef\u00e4llt mir' \/><span class='lc-1416 lc'>+91<\/span><\/a><\/div><\/div> <div class='status-1416 status align-left'><\/div><\/div><div class='wti-clear'><\/div>","protected":false},"excerpt":{"rendered":"<p>Die Tage werden k\u00fcrzer, die N\u00e4chte l\u00e4nger und\u00a0die Rennradsaison geht dem Ende zu&#8230;&#8230;&#8230;&#8230;..aber es kommt\u00a0ja jetzt wieder\u00a0die Stammtischzeit. Roli hat ja schon per WhatsApp vorinformiert, aber nochmals zur Erinnerung: Wann:\u00a0&#8230;<\/p>\n","protected":false},"author":2,"featured_media":0,"comment_status":"open","ping_status":"closed","sticky":false,"template":"","format":"standard","meta":{"_s2mail":"yes","ngg_post_thumbnail":0,"footnotes":""},"categories":[1],"tags":[],"class_list":["post-1416","post","type-post","status-publish","format-standard","hentry","category-allgemein"],"_links":{"self":[{"href":"https:\/\/www.rc-bergfinder.at\/wp\/index.php?rest_route=\/wp\/v2\/posts\/1416","targetHints":{"allow":["GET"]}}],"collection":[{"href":"https:\/\/www.rc-bergfinder.at\/wp\/index.php?rest_route=\/wp\/v2\/posts"}],"about":[{"href":"https:\/\/www.rc-bergfinder.at\/wp\/index.php?rest_route=\/wp\/v2\/types\/post"}],"author":[{"embeddable":true,"href":"https:\/\/www.rc-bergfinder.at\/wp\/index.php?rest_route=\/wp\/v2\/users\/2"}],"replies":[{"embeddable":true,"href":"https:\/\/www.rc-bergfinder.at\/wp\/index.php?rest_route=%2Fwp%2Fv2%2Fcomments&post=1416"}],"version-history":[{"count":13,"href":"https:\/\/www.rc-bergfinder.at\/wp\/index.php?rest_route=\/wp\/v2\/posts\/1416\/revisions"}],"predecessor-version":[{"id":1430,"href":"https:\/\/www.rc-bergfinder.at\/wp\/index.php?rest_route=\/wp\/v2\/posts\/1416\/revisions\/1430"}],"wp:attachment":[{"href":"https:\/\/www.rc-bergfinder.at\/wp\/index.php?rest_route=%2Fwp%2Fv2%2Fmedia&parent=1416"}],"wp:term":[{"taxonomy":"category","embeddable":true,"href":"https:\/\/www.rc-bergfinder.at\/wp\/index.php?rest_route=%2Fwp%2Fv2%2Fcategories&post=1416"},{"taxonomy":"post_tag","embeddable":true,"href":"https:\/\/www.rc-bergfinder.at\/wp\/index.php?rest_route=%2Fwp%2Fv2%2Ftags&post=1416"}],"curies":[{"name":"wp","href":"https:\/\/api.w.org\/{rel}","templated":true}]}}